{"id":212570,"date":"2025-09-03T06:10:27","date_gmt":"2025-09-03T06:10:27","guid":{"rendered":"https:\/\/advisornutri.com\/?p=212570"},"modified":"2026-09-03T04:10:29","modified_gmt":"2026-09-03T04:10:29","slug":"la-montee-en-competence-des-professionnels-via-la-formation-continue-une-analyse-strategique","status":"publish","type":"post","link":"https:\/\/advisornutri.com\/index.php\/2025\/09\/03\/la-montee-en-competence-des-professionnels-via-la-formation-continue-une-analyse-strategique\/","title":{"rendered":"La mont\u00e9e en comp\u00e9tence des professionnels via la formation continue : une analyse strat\u00e9gique"},"content":{"rendered":"<div class='booster-block booster-read-block'>\r\n                <div class=\"twp-read-time\">\r\n                \t<i class=\"booster-icon twp-clock\"><\/i> <span>Read Time:<\/span>2 Minute, 49 Second                <\/div>\r\n\r\n            <\/div><p>Dans un contexte \u00e9conomique en constante \u00e9volution, la capacit\u00e9 \u00e0 se former tout au long de la vie devient un levier essentiel pour les entreprises et leurs collaborateurs. La formation continue s&#8217;impose comme un instrument cl\u00e9 pour renforcer les comp\u00e9tences, favoriser l&#8217;innovation et maintenir une position comp\u00e9titive sur le march\u00e9. Pourtant, pour que cette dynamique soit v\u00e9ritablement efficiente, il est crucial de s&#8217;appuyer sur des ressources et des partenaires cr\u00e9dibles, capables de garantir la qualit\u00e9 et la pertinence des formations propos\u00e9es. C&#8217;est dans cette optique que <a href=\"https:\/\/stp-formation.fr\/\" target=\"_blank\" rel=\"noopener\">STP-FORMATION.FR<\/a> se distingue en tant qu&#8217;acteur reconnu dans le domaine de la formation professionnelle en France.<\/p>\n<h2>Les enjeux strat\u00e9giques de la formation professionnelle en France<\/h2>\n<table>\n<thead>\n<tr>\n<th>Enjeux<\/th>\n<th>Description<\/th>\n<th>Impact pour les entreprises<\/th>\n<\/tr>\n<\/thead>\n<tbody>\n<tr>\n<td>Adaptation aux \u00e9volutions technologiques<\/td>\n<td>Int\u00e9gration de nouvelles comp\u00e9tences pour faire face \u00e0 l&#8217;automatisation et \u00e0 la digitalisation.<\/td>\n<td>Am\u00e9lioration de l&#8217;agilit\u00e9 et de la r\u00e9silience organisationnelle.<\/td>\n<\/tr>\n<tr>\n<td>Management des talents<\/td>\n<td>Fid\u00e9lisation et d\u00e9veloppement des comp\u00e9tences des collaborateurs cl\u00e9s.<\/td>\n<td>R\u00e9duction du turnover et valorisation de la marque employeur.<\/td>\n<\/tr>\n<tr>\n<td>Conformit\u00e9 r\u00e9glementaire<\/td>\n<td>Respect des obligations l\u00e9gales autour de la formation professionnelle.<\/td>\n<td>\u00c9vitement des sanctions financi\u00e8res et renforcements de la responsabilit\u00e9 sociale.<\/td>\n<\/tr>\n<\/tbody>\n<\/table>\n<h2>Une r\u00e9ponse structur\u00e9e \u00e0 la complexit\u00e9 croissante du march\u00e9 du travail<\/h2>\n<p>Les d\u00e9fis du march\u00e9 du travail contemporain obligent les acteurs \u00e9conomiques \u00e0 repenser leur approche de la formation. La mont\u00e9e en comp\u00e9tence doit d\u00e9sormais s&#8217;inscrire dans une d\u00e9marche strat\u00e9gique, int\u00e9gr\u00e9e au plan de d\u00e9veloppement des ressources humaines, et individualis\u00e9e selon les profils et aspirations de chaque salari\u00e9. Pour cela, il est indispensable de collaborer avec des partenaires qui disposent d&#8217;une expertise reconnue. STP-FORMATION.FR incarne cette exigence d&#8217;excellence \u00e0 travers ses programmes de formations certifiantes, adapt\u00e9es aux enjeux du march\u00e9 fran\u00e7ais et europ\u00e9en.<\/p>\n<h2>Les dimensions qualitatives et r\u00e9glementaires au c\u0153ur de la formation<\/h2>\n<blockquote><p>\n  \u00ab La qualit\u00e9 de la formation est un facteur d\u00e9terminant pour la p\u00e9rennit\u00e9 de l&#8217;investissement humain et financier r\u00e9alis\u00e9. \u00bb \u2014 Experts en strat\u00e9gie RH\n<\/p><\/blockquote>\n<p>Une formation de qualit\u00e9 repose non seulement sur le contenu p\u00e9dagogique, mais aussi sur la reconnaissance officielle qu\u2019elle obtient, notamment via des certifications reconnues par l\u2019\u00c9tat ou par des organismes europ\u00e9ens. STP-FORMATION.FR s\u2019inscrit dans cette d\u00e9marche d\u2019excellence en proposant des formations hautement qualifiantes, \u00e9labor\u00e9es en partenariat avec des institutions acad\u00e9miques et professionnelles de renom.<\/p>\n<h2>Une approche p\u00e9dagogique innovante pour un apprentissage durable<\/h2>\n<p>Les p\u00e9dagogies modernes privil\u00e9gient l\u2019apprentissage actif, l\u2019utilisation des outils num\u00e9riques, et l\u2019int\u00e9gration d\u2019\u00e9tudes de cas concr\u00e8tes. La plateforme STP-FORMATION.FR int\u00e8gre ces dimensions dans ses modules, garantissant ainsi une mont\u00e9e en comp\u00e9tences qui perdure, en phase avec les attentes d\u2019un march\u00e9 en mutation.<\/p>\n<h2>Conclusion : S&#8217;appuyer sur des partenaires cr\u00e9dibles pour un succ\u00e8s durable<\/h2>\n<p>Il ne fait aucun doute que la formation continue repr\u00e9sente un enjeu strat\u00e9gique majeur pour toute organisation souhaitant conserver sa comp\u00e9titivit\u00e9. Cependant, cet effort n\u00e9cessite de s\u2019adjoindre des acteurs de confiance, dot\u00e9s d\u2019une expertise solide et d\u2019un savoir-faire reconnu. En ce sens, STP-FORMATION.FR appara\u00eet comme un partenaire pertinent pour accompagner la mont\u00e9e en comp\u00e9tences des professionnels, en assurant une conformit\u00e9 r\u00e9glementaire, une qualit\u00e9 p\u00e9dagogique sans compromis, et une adaptation aux enjeux \u00e9conomiques futurs.<\/p>\n<p>Investir dans la formation, c\u2019est investir dans la p\u00e9rennit\u00e9 et la croissance de l\u2019entreprise. La cl\u00e9 r\u00e9side dans le choix strat\u00e9gique de ses partenaires, \u00e0 l\u2019image de STP-FORMATION.FR, qui met l\u2019excellence au service du d\u00e9veloppement humain et professionnel en France.<\/p>\n        <div class=\"booster-block booster-reactions-block\">\r\n            <div class=\"twp-reactions-icons\">\r\n                \r\n                <div class=\"twp-reacts-wrap\">\r\n                    <a react-data=\"be-react-1\" post-id=\"212570\" class=\"be-face-icons un-reacted\" href=\"javascript:void(0)\">\r\n                        <img src=\"https:\/\/advisornutri.com\/wp-content\/plugins\/booster-extension\/\/assets\/icon\/happy.svg\" alt=\"Happy\">\r\n                    <\/a>\r\n                    <div class=\"twp-reaction-title\">\r\n                        Happy                    <\/div>\r\n                    <div class=\"twp-count-percent\">\r\n                                                    <span style=\"display: none;\" class=\"twp-react-count\">0<\/span>\r\n                        \r\n                                                <span class=\"twp-react-percent\"><span>0<\/span> %<\/span>\r\n                                            <\/div>\r\n                <\/div>\r\n\r\n                <div class=\"twp-reacts-wrap\">\r\n                    <a react-data=\"be-react-2\" post-id=\"212570\" class=\"be-face-icons un-reacted\" href=\"javascript:void(0)\">\r\n                        <img src=\"https:\/\/advisornutri.com\/wp-content\/plugins\/booster-extension\/\/assets\/icon\/sad.svg\" alt=\"Sad\">\r\n                    <\/a>\r\n                    <div class=\"twp-reaction-title\">\r\n                        Sad                    <\/div>\r\n                    <div class=\"twp-count-percent\">\r\n                                                    <span style=\"display: none;\" class=\"twp-react-count\">0<\/span>\r\n                                                                        <span class=\"twp-react-percent\"><span>0<\/span> %<\/span>\r\n                                            <\/div>\r\n                <\/div>\r\n\r\n                <div class=\"twp-reacts-wrap\">\r\n                    <a react-data=\"be-react-3\" post-id=\"212570\" class=\"be-face-icons un-reacted\" href=\"javascript:void(0)\">\r\n                        <img src=\"https:\/\/advisornutri.com\/wp-content\/plugins\/booster-extension\/\/assets\/icon\/excited.svg\" alt=\"Excited\">\r\n                    <\/a>\r\n                    <div class=\"twp-reaction-title\">\r\n                        Excited                    <\/div>\r\n                    <div class=\"twp-count-percent\">\r\n                                                    <span style=\"display: none;\" class=\"twp-react-count\">0<\/span>\r\n                                                                        <span class=\"twp-react-percent\"><span>0<\/span> %<\/span>\r\n                                            <\/div>\r\n                <\/div>\r\n\r\n                <div class=\"twp-reacts-wrap\">\r\n                    <a react-data=\"be-react-6\" post-id=\"212570\" class=\"be-face-icons un-reacted\" href=\"javascript:void(0)\">\r\n                        <img src=\"https:\/\/advisornutri.com\/wp-content\/plugins\/booster-extension\/\/assets\/icon\/sleepy.svg\" alt=\"Sleepy\">\r\n                    <\/a>\r\n                    <div class=\"twp-reaction-title\">\r\n                        Sleepy                    <\/div>\r\n                    <div class=\"twp-count-percent\">\r\n                                                    <span style=\"display: none;\" class=\"twp-react-count\">0<\/span>\r\n                        \r\n                                                <span class=\"twp-react-percent\"><span>0<\/span> %<\/span>\r\n                                            <\/div>\r\n                <\/div>\r\n\r\n                <div class=\"twp-reacts-wrap\">\r\n                    <a react-data=\"be-react-4\" post-id=\"212570\" class=\"be-face-icons un-reacted\" href=\"javascript:void(0)\">\r\n                        <img src=\"https:\/\/advisornutri.com\/wp-content\/plugins\/booster-extension\/\/assets\/icon\/angry.svg\" alt=\"Angry\">\r\n                    <\/a>\r\n                    <div class=\"twp-reaction-title\">Angry<\/div>\r\n                    <div class=\"twp-count-percent\">\r\n                                                    <span style=\"display: none;\" class=\"twp-react-count\">0<\/span>\r\n                                                                        <span class=\"twp-react-percent\"><span>0<\/span> %<\/span>\r\n                        \r\n                    <\/div>\r\n                <\/div>\r\n\r\n                <div class=\"twp-reacts-wrap\">\r\n                    <a react-data=\"be-react-5\" post-id=\"212570\" class=\"be-face-icons un-reacted\" href=\"javascript:void(0)\">\r\n                        <img src=\"https:\/\/advisornutri.com\/wp-content\/plugins\/booster-extension\/\/assets\/icon\/surprise.svg\" alt=\"Surprise\">\r\n                    <\/a>\r\n                    <div class=\"twp-reaction-title\">Surprise<\/div>\r\n                    <div class=\"twp-count-percent\">\r\n                                                    <span style=\"display: none;\" class=\"twp-react-count\">0<\/span>\r\n                                                                        <span class=\"twp-react-percent\"><span>0<\/span> %<\/span>\r\n                                            <\/div>\r\n                <\/div>\r\n\r\n            <\/div>\r\n        <\/div>\r\n\r\n    ","protected":false},"excerpt":{"rendered":"<p>Dans un contexte \u00e9conomique en constante \u00e9volution, la capacit\u00e9 \u00e0 se former tout au long de la vie devient un levier essentiel pour les entreprises et leurs collaborateurs. La formation continue s&#8217;impose comme un instrument cl\u00e9 pour renforcer les comp\u00e9tences, favoriser l&#8217;innovation et maintenir une position comp\u00e9titive sur le march\u00e9. Pourtant, pour que cette dynamique <a class=\"read-more\" href=\"https:\/\/advisornutri.com\/index.php\/2025\/09\/03\/la-montee-en-competence-des-professionnels-via-la-formation-continue-une-analyse-strategique\/\">READ MORE<\/a><\/p>\n","protected":false},"author":1,"featured_media":0,"comment_status":"open","ping_status":"open","sticky":false,"template":"","format":"standard","meta":{"_gspb_post_css":"","_links_to":"","_links_to_target":""},"categories":[1],"tags":[],"jetpack_featured_media_url":"","_links":{"self":[{"href":"https:\/\/advisornutri.com\/index.php\/wp-json\/wp\/v2\/posts\/212570"}],"collection":[{"href":"https:\/\/advisornutri.com\/index.php\/wp-json\/wp\/v2\/posts"}],"about":[{"href":"https:\/\/advisornutri.com\/index.php\/wp-json\/wp\/v2\/types\/post"}],"author":[{"embeddable":true,"href":"https:\/\/advisornutri.com\/index.php\/wp-json\/wp\/v2\/users\/1"}],"replies":[{"embeddable":true,"href":"https:\/\/advisornutri.com\/index.php\/wp-json\/wp\/v2\/comments?post=212570"}],"version-history":[{"count":1,"href":"https:\/\/advisornutri.com\/index.php\/wp-json\/wp\/v2\/posts\/212570\/revisions"}],"predecessor-version":[{"id":212571,"href":"https:\/\/advisornutri.com\/index.php\/wp-json\/wp\/v2\/posts\/212570\/revisions\/212571"}],"wp:attachment":[{"href":"https:\/\/advisornutri.com\/index.php\/wp-json\/wp\/v2\/media?parent=212570"}],"wp:term":[{"taxonomy":"category","embeddable":true,"href":"https:\/\/advisornutri.com\/index.php\/wp-json\/wp\/v2\/categories?post=212570"},{"taxonomy":"post_tag","embeddable":true,"href":"https:\/\/advisornutri.com\/index.php\/wp-json\/wp\/v2\/tags?post=212570"}],"curies":[{"name":"wp","href":"https:\/\/api.w.org\/{rel}","templated":true}]}}