{"id":23138,"date":"2026-03-14T02:43:34","date_gmt":"2026-03-14T02:43:34","guid":{"rendered":"https:\/\/advisornutri.com\/?p=23138"},"modified":"2026-03-14T02:43:38","modified_gmt":"2026-03-14T02:43:38","slug":"nemet-motogp-sprint-battle-jorge-martin-kezitaska-sachsenring-futamgyozelem","status":"publish","type":"post","link":"https:\/\/advisornutri.com\/index.php\/2026\/03\/14\/nemet-motogp-sprint-battle-jorge-martin-kezitaska-sachsenring-futamgyozelem\/","title":{"rendered":"N\u00e9met MotoGP, Sprint Battle Jorge Martin k\u00e9zit\u00e1ska Sachsenring futamgy\u0151zelem"},"content":{"rendered":"<div class='booster-block booster-read-block'>\r\n                <div class=\"twp-read-time\">\r\n                \t<i class=\"booster-icon twp-clock\"><\/i> <span>Read Time:<\/span>5 Minute, 26 Second                <\/div>\r\n\r\n            <\/div><div id=\"toc\" style=\"background: #f9f9f9;border: 1px solid #aaa;display: table;margin-bottom: 1em;padding: 1em;width: 350px;\">\n<p class=\"toctitle\" style=\"font-weight: 700;text-align: center;\">Blogok<\/p>\n<ul class=\"toc_list\">\n<li><a href=\"#toc-0\">Moto2\u2122 Q1: Liqui Moly Hatalmas D\u00edj N\u00e9metorsz\u00e1gb\u00f3l<\/a><\/li>\n<li><a href=\"#toc-1\">N\u00e9met Moto2-es teljes\u00edtm\u00e9ny \u2013 Moto2-es kvalifik\u00e1ci\u00f3<\/a><\/li>\n<li><a href=\"#toc-2\">Az \u00faj Marc M\u00e1rquez-sztori: Szakaszok \u2013 hogy a pokolba juss, \u00e9s r\u00f6gt\u00f6n vissza is mehess<\/a><\/li>\n<\/ul>\n<\/div>\n<p>A leg\u00fajabb ausztr\u00e1l ennek megfelel\u0151en 1,4 m\u00e1sodperccel Marini el\u0151tt van, de a negyedik hely\u00e9rt folytatott verseny \u00e9l \u00e9s virul, mik\u00f6zben a Marini k\u00f6zvetlen\u00fcl a nyomukban hajtott Binderrel \u00e9s Zarc\u00f3val. A h\u00e1rmas k\u00fczdelem leny\u0171g\u00f6z\u0151nek \u00edg\u00e9rkezik, mivel a dupla Binder megpr\u00f3b\u00e1lt utat tal\u00e1lni Marininek az 1. kanyarban, de a leg\u00fajabb d\u00e9l-afrikaiak kicsit el vannak t\u00e9ve az \u00fatnak. <!--more--> Maverick Vi\u00f1ales (Aprilia Race) k\u00e9nytelen feladni, miut\u00e1n az RS-GP-j\u00e9ben probl\u00e9ma ad\u00f3dott a Nagyd\u00edj elej\u00e9n, csapatt\u00e1rsa, Aleix Espargaro pedig 17-re fogyott, miut\u00e1n a k\u00e9s\u0151bbiekben k\u00fczd\u00f6tt a tapad\u00e1s\u00e9rt.<\/p>\n<ul>\n<li>Valentino Rossi uralma a sz\u00e1zad elej\u00e9n kezd\u0151d\u00f6tt, amikor Dani Pedrosa az \u00e9vtized elej\u00e9n megszerezte a hatalmat.<\/li>\n<li>Azt\u00e1n az egyik kanyarban Jack Miller (Prima Pramac Yamaha MotoGP) majdnem ugyanilyen st\u00edlusban indul el.<\/li>\n<li>Bagnaia p\u00e1r tizedet meg\u00faszott, de azt\u00e1n Morbidelli az \u00faj regn\u00e1l\u00f3 bajnok el\u0151tti 1. v\u00e1ltoz\u00e1s bels\u0151 oldal\u00e1n haladt el\u0151re, valahogy elker\u00fclve azt, \u00e9s te szerezheted meg a k\u00f6vetkez\u0151t.<\/li>\n<li>Versenyezzetek egy es\u0151s, de sz\u00e1rad\u00f3 p\u00e1ly\u00e1n, ahol az \u00faj, j\u00f3l bev\u00e1lt s\u00e1v elhagy\u00e1sa is vesz\u00e9lyes, Marquez nem tudta kijav\u00edtani a korai hib\u00e1t a szok\u00e1sos gyors \u00e9s hat\u00e1rozott st\u00edlus\u00e1ban.<\/li>\n<li>N\u00e9metorsz\u00e1g tal\u00e1n csavart a Jorge Martin \u00e9s az Aprilia k\u00f6z\u00f6tti \u00e1lland\u00f3 t\u00f6rt\u00e9netbe, miut\u00e1n a spanyol \u00fajs\u00e1g besz\u00e1mol\u00f3ja szerint az \u00faj c\u00edmv\u00e9d\u0151 vil\u00e1gbajnok 2026-ban is az olasz l\u00e9tes\u00edtm\u00e9nyben marad.<\/li>\n<\/ul>\n<h2 id=\"toc-0\">Moto2\u2122 Q1: Liqui Moly Hatalmas D\u00edj N\u00e9metorsz\u00e1gb\u00f3l<\/h2>\n<p>Annak ellen\u00e9re, hogy igyekezett kitartani, a vadonat\u00faj Ducati-pil\u00f3ta t\u00fcrelmesen \u00e1talak\u00edtotta a verseny\u00e9t, epikus nedves k\u00f6r\u00fclm\u00e9nyek k\u00f6z\u00f6tti j\u00e1rtass\u00e1got demonstr\u00e1lva. A vil\u00e1gbajnoki c\u00edm \u00e9llovasa, Jorge Mart\u00edn nyerte az \u00faj sprintversenyt a N\u00e9met Nagyd\u00edjon. Az \u00faj versenyz\u0151 vas\u00e1rnap nagyon k\u00f6vetkezetes, pole poz\u00edci\u00f3t szerzett, \u00e9s m\u00e9g egy j\u00f3 els\u0151 k\u00f6r n\u00e9lk\u00fcl is gyorsan ir\u00e1ny\u00edthat, amikor \u00e1tveszi a vezet\u00e9st, \u00e9s vitorl\u00e1zhat a gy\u0151zelem\u00e9rt. Marc Marquez \u00e9s Dani Pedrosa vegyes teljes\u00edtm\u00e9nyt ny\u00fajtottak a leg\u00fajabb N\u00e9met Nagyd\u00edj els\u0151 k\u00f6r\u00e9n. Az \u00faj versenyparancsnok rendk\u00edv\u00fcl egyenletes temp\u00f3t mutatott mind a szabadedz\u00e9seken, mind az RC213V \u00faj harci be\u00e1ll\u00edt\u00e1s\u00e1ra koncentr\u00e1lva. Az \u00faj Ducati-pil\u00f3ta a szezon hetedik rajthely\u00e9nek megszerz\u00e9se ut\u00e1n a negyedik helyre zuhant, de a sr\u00e1c mesteri visszat\u00e9r\u00e9st mutatott, miel\u0151tt az utols\u00f3 k\u00f6rben megel\u0151zte az Aprili\u00e1s Marco Bezzecchit.<\/p>\n<h2 id=\"toc-1\">N\u00e9met Moto2-es teljes\u00edtm\u00e9ny \u2013 Moto2-es kvalifik\u00e1ci\u00f3<\/h2>\n<ul>\n<li>Tov\u00e1bbi kr\u00edzishelyzet alakult ki Gutierrez sz\u00e1m\u00e1ra, amikor az \u00f6tk\u00f6r\u00f6s sz\u00e1guld\u00e1s elej\u00e9n k\u00f6vette a mez\u0151nyt, \u00e9lvezve, hogy n\u00e9h\u00e1ny tov\u00e1bbi id\u0151b\u00fcntet\u00e9ssel n\u00e9z szembe, \u00e9s ha megpr\u00f3b\u00e1lt volna legkor\u00e1bban c\u00e9lba \u00e9rni, az \u00faj #99-es aut\u00f3 kiesett.<\/li>\n<li>Mik\u00f6zben a n\u00e9met MotoGP-bajnok, Francesco Bagnaia elt\u0171nt, miut\u00e1n a 12. percben a te dolgod m\u00f6g\u00f6tt befejezve a Marquez testv\u00e9reidhez csap\u00f3dott, biztosan lejjebb kellett fek\u00fcdn\u00f6d, mint ahogy elkezdte.<\/li>\n<li>Nem \u0151 volt a legmeggy\u0151z\u0151bb versenyz\u0151 a MotoGP szakma belseje tekintet\u00e9ben, de megvolt a sebess\u00e9ge \u00e9s az id\u0151z\u00edt\u00e9se is ahhoz, hogy a Q1-b\u0151l kisz\u00e1lljon \u2013 hogy a Q2 elej\u00e9n a kanyarban el\u0151reugorjon.<\/li>\n<li>Egy \u00faj, szinte pillant\u00e1s alatt kirajzol\u00f3d\u00f3 \u00f3r\u00e1n bel\u00fcl az \u00faj MotoGP Industry Championship val\u00f3j\u00e1ban Assenb\u0151l elk\u00f6lt\u00f6zik\u2026 b\u0151vebben.<\/li>\n<li>Ez egy val\u00f3di h\u00e1tr\u00e1ny volt Oliveira azon t\u00f6rekv\u00e9s\u00e9ben, hogy a Yamah\u00e1t mutassa be, ami\u00e9rt Miller helyett alkalmazt\u00e1k \u2013 mik\u00f6zben a bar\u00e1tja h\u00e9tv\u00e9gi legjobbja, \u00e9s sokkal rendezettebb, minden tekintetben.<\/li>\n<\/ul>\n<p>Marc Marquez a 6. helyr\u0151l k\u00fczdve k\u00fczd\u00f6tte fel mag\u00e1t az els\u0151 k\u00f6rre, hogy megszerezze a visszat\u00e9r\u0151 gy\u0151zelm\u00e9t a n\u00e9met MotoGP-versenyen. Az &quot;El Diablo&quot; tov\u00e1bbra is vonz\u00f3 lesz a vezet\u00e9shez, m\u00e9g akkor is, ha a Yamaha m\u00e9g mindig nem tudja tartani a versenytemp\u00f3t. Az \u00faj V4-es motor \u00e9rkez\u00e9se, amely m\u00e9g fejleszt\u00e9s alatt \u00e1ll, nagy v\u00e1rakoz\u00e1ssal tekint a jap\u00e1n m\u00e1rka \u00faj t\u00f6rekv\u00e9seinek <a href=\"https:\/\/fogadas-sport.com\/pariuri-sportive-rezultate\/\" target=\"_blank\" rel=\"noopener\">https:\/\/fogadas-sport.com\/pariuri-sportive-rezultate\/<\/a> \u00fajraind\u00edt\u00e1s\u00e1ra. A KTM versenyz\u0151je, Brad Binder a Pierer Versatility kateg\u00f3ria kulcsembere a nyolcadik helyen, miut\u00e1n a Tech3 GasGas \u00fajonca, Pedro Acosta s\u00falyos, ismeretlen s\u00e9r\u00fcl\u00e9s miatt esett vissza az egyenesben, mind\u00f6ssze h\u00e1rom k\u00f6rrel a v\u00e9ge el\u0151tt. A Pramac versenyz\u0151je, Franco Morbidelli nem \u00e9rezte el\u00e9g temp\u00f3t ahhoz, hogy tartsa az els\u0151 helyez\u00e9st, de a sr\u00e1c el\u00e9g volt ahhoz, hogy az 5. helyen v\u00e9gezzen a Gresini-szak\u00e9rt\u0151, Marc Marquez el\u0151tt, aki mind\u00f6ssze 0,003 m\u00e1sodperccel lemaradva az Aprilia versenyz\u0151j\u00e9t\u0151l, Maverick Vinalest\u0151l a c\u00e9lvonalon, \u00edgy a 6. helyen \u00e9rt c\u00e9lba. Miut\u00e1n egy mechanikai probl\u00e9ma megzavarta Maximo Quiles napj\u00e1t, a CFMOTO Gaviota Aspar Team egy sokkal jobb d\u00e9lut\u00e1ni Habit etapnak \u00f6r\u00fclhetett, \u00e9s a Silverstone \u00f3ta el\u0151sz\u00f6r automatiz\u00e1lt Q2-es helyez\u00e9st \u00e9rt el.<\/p>\n<h2 id=\"toc-2\">Az \u00faj Marc M\u00e1rquez-sztori: Szakaszok \u2013 hogy a pokolba juss, \u00e9s r\u00f6gt\u00f6n vissza is mehess<\/h2>\n<p><img decoding=\"async\" src=\"https:\/\/cdn2.f-cdn.com\/contestentries\/1374227\/16857546\/5b598de177b29_thumb900.jpg\" alt=\"esports betting\" align=\"left\" border=\"1\"><\/p>\n<p>A MotoGP-torna parancsnoka, Jorge Martin szombat d\u00e9lre, a n\u00e9metorsz\u00e1gi Sachsenringen rendezte meg az \u00faj MotoGP-versenyt. A viharfelh\u0151k miatt, amelyek bonyolult be\u00e1ll\u00edt\u00e1sokkal v\u00e1rj\u00e1k az \u00faj versenyz\u0151ket, Martin a harmadik k\u00f6rben szerezte meg a legmagasabb helyez\u00e9st, \u00e9s m\u00e9g mindig nem indul. Az \u00faj American Trackhouse Race csapata megszerezte els\u0151 dobog\u00f3s hely\u00e9t, Miguel Oliveira a m\u00e1sodik helyen v\u00e9gzett, Francesco Bagnaia el\u0151tt. Marc Marquez a 6. helyen \u00e9rt c\u00e9lba, miut\u00e1n versenyhelyzet\u00e9b\u0151l kiesve a 13. helyr\u0151l lemaradva a hatodik helyen v\u00e9gzett. Az \u00fajdons\u00fclt c\u00edmv\u00e9d\u0151 a p\u00e9nteki futam v\u00e9g\u00e9n a harmadik helyen \u00e1ll, a VR46 Ducati versenyz\u0151je, Fabio Di Giannantonio vezeti az utat, kiv\u00e1l\u00f3 \u00faj k\u00f6rid\u0151vel.<\/p>\n<p>A 10. k\u00f6rben Binder megel\u0151zte Marinit a 3. helyen, \u00e9s Zarco is gyorsan megel\u0151zte az olaszt. Ekkorra Binder \u00e9s Bagnaia k\u00f6z\u00f6tti \u00faj el\u0151ny 1,7 m\u00e1sodpercre n\u0151tt, ahogy az \u00f6t legjobb versenyz\u0151 kezdett sz\u00e9th\u00fazni. A c\u00edmv\u00e9d\u0151 azonban bajban volt, \u00e9s majdnem el\u00e9rte az \u00faj el\u0151nyt, amikor egy rossz kezd\u00e9sb\u0151l fel\u00e9p\u00fclt, \u00e9s az utols\u00f3 k\u00f6rben \u00e1tvette a vezet\u00e9st Marco Bezzecchit\u0151l. A k\u00e9ts\u00e9gbeejt\u0151 2025-\u00f6s MotoGP-szezon eddigi eredm\u00e9ny\u00e9t k\u00f6vet\u0151en Bagnaia a 12. helyen v\u00e9gzett \u2013 m\u00edg csapatt\u00e1rsa, a Ducati Marc Marquez megszerezte az \u00faj versenyz\u0151t, aki az elm\u00falt k\u00f6rben remek\u00fcl teljes\u00edtett.<\/p>\n<p>Di Giannantonio kevesebb mint egy m\u00e1sodperccel vezet Bezzecchi el\u0151tt, Alex Marquez \u00e9s Bagnaia pedig azonos t\u00e1vols\u00e1gban haladnak egym\u00e1s m\u00f6g\u00f6tt. Di Giannantonio a 18. k\u00f6r els\u0151 kanyarj\u00e1ban elrejtette a vezet\u00e9st, \u00e9s Zarco is lemaradhatott az egyik kanyarban \u2013 b\u00e1r egy kicsit m\u00f6g\u00f6tte \u2013, m\u00edg a legjobb hat versenyz\u0151 id\u0151 el\u0151tt befejezte n\u00e9met GP-j\u00e9t. Acosta k\u00f6zelg\u0151 Nagyd\u00edja a 2. kanyarban, az 5. helyt\u0151l t\u00e1volodva, egy balesettel v\u00e9gz\u0151d\u00f6tt, ami a KTM f\u0151 rem\u00e9nye az \u00faj sachsenringi dobog\u00f3ra. Bagnai\u00e1t az 5. helyre dobt\u00e1k, Alex Marquez pedig a kipufog\u00f3cs\u0151n\u00e9l sz\u00e1guldva 3. helyre hajtott v\u00e9gre Bezzecchi m\u00f6g\u00f6tt. 0,6 m\u00e1sodperccel a 2. hely alatt Di Giannantonio egy tizedre van lemaradva, ami egy nagyszer\u0171 k\u00f6r Marc Marquez m\u00f6g\u00f6tt a nagyd\u00edj ezen szakasz\u00e1ban. A n\u00e9gynapos, 2025-\u00f6s selejtez\u0151n elhunyt Fabio Quartararo besz\u00e9lt, hogy a Pramac j\u00e1t\u00e9kosa, Miguel Oliveira inform\u00e1ci\u00f3kat kapjon a dal \u00e1llapot\u00e1r\u00f3l a 2. selejtez\u0151 el\u0151tt.<\/p>\n<p><img decoding=\"async\" src=\"https:\/\/nationalsportsmonitor.com\/wp-content\/uploads\/2017\/05\/sports-betting.png\" alt=\"hockey betting\" align=\"right\" border=\"0\"><\/p>\n<p>A t\u00f6bb mint 30 milli\u00f3 futballrajong\u00f3 \u00e1ltal tisztelt FanCode z\u00f6kken\u0151mentes hozz\u00e1f\u00e9r\u00e9st biztos\u00edt \u00e9l\u0151 m\u00e9rk\u0151z\u00e9sekhez, val\u00f3s d\u00e1tum\u00fa eredm\u00e9nyekhez \u00e9s azonnali visszaj\u00e1tsz\u00e1sokhoz a futball vil\u00e1g\u00e1b\u00f3l. N\u00e9zd meg a krikett, sport, kos\u00e1rlabda, baseball, birk\u00f3z\u00e1s, tollaslabda \u00e9s m\u00e9g sok m\u00e1s m\u00e9rk\u0151z\u00e9st \u2013 \u00e9l\u0151ben \u00e9s online. L\u00e9gy naprak\u00e9sz a labd\u00e1nk\u00e9nti baseball eredm\u00e9nyekkel, m\u00e9rk\u0151z\u00e9selemz\u00e9ssel, vide\u00f3m\u0171sorokkal, valamint az indiai \u00e9s nemzetk\u00f6zi versenyek legnagyobb meccseinek eredm\u00e9nyeivel.<\/p>\n        <div class=\"booster-block booster-reactions-block\">\r\n            <div class=\"twp-reactions-icons\">\r\n                \r\n                <div class=\"twp-reacts-wrap\">\r\n                    <a react-data=\"be-react-1\" post-id=\"23138\" class=\"be-face-icons un-reacted\" href=\"javascript:void(0)\">\r\n                        <img src=\"https:\/\/advisornutri.com\/wp-content\/plugins\/booster-extension\/\/assets\/icon\/happy.svg\" alt=\"Happy\">\r\n                    <\/a>\r\n                    <div class=\"twp-reaction-title\">\r\n                        Happy                    <\/div>\r\n                    <div class=\"twp-count-percent\">\r\n                                                    <span style=\"display: none;\" class=\"twp-react-count\">0<\/span>\r\n                        \r\n                                                <span class=\"twp-react-percent\"><span>0<\/span> %<\/span>\r\n                                            <\/div>\r\n                <\/div>\r\n\r\n                <div class=\"twp-reacts-wrap\">\r\n                    <a react-data=\"be-react-2\" post-id=\"23138\" class=\"be-face-icons un-reacted\" href=\"javascript:void(0)\">\r\n                        <img src=\"https:\/\/advisornutri.com\/wp-content\/plugins\/booster-extension\/\/assets\/icon\/sad.svg\" alt=\"Sad\">\r\n                    <\/a>\r\n                    <div class=\"twp-reaction-title\">\r\n                        Sad                    <\/div>\r\n                    <div class=\"twp-count-percent\">\r\n                                                    <span style=\"display: none;\" class=\"twp-react-count\">0<\/span>\r\n                                                                        <span class=\"twp-react-percent\"><span>0<\/span> %<\/span>\r\n                                            <\/div>\r\n                <\/div>\r\n\r\n                <div class=\"twp-reacts-wrap\">\r\n                    <a react-data=\"be-react-3\" post-id=\"23138\" class=\"be-face-icons un-reacted\" href=\"javascript:void(0)\">\r\n                        <img src=\"https:\/\/advisornutri.com\/wp-content\/plugins\/booster-extension\/\/assets\/icon\/excited.svg\" alt=\"Excited\">\r\n                    <\/a>\r\n                    <div class=\"twp-reaction-title\">\r\n                        Excited                    <\/div>\r\n                    <div class=\"twp-count-percent\">\r\n                                                    <span style=\"display: none;\" class=\"twp-react-count\">0<\/span>\r\n                                                                        <span class=\"twp-react-percent\"><span>0<\/span> %<\/span>\r\n                                            <\/div>\r\n                <\/div>\r\n\r\n                <div class=\"twp-reacts-wrap\">\r\n                    <a react-data=\"be-react-6\" post-id=\"23138\" class=\"be-face-icons un-reacted\" href=\"javascript:void(0)\">\r\n                        <img src=\"https:\/\/advisornutri.com\/wp-content\/plugins\/booster-extension\/\/assets\/icon\/sleepy.svg\" alt=\"Sleepy\">\r\n                    <\/a>\r\n                    <div class=\"twp-reaction-title\">\r\n                        Sleepy                    <\/div>\r\n                    <div class=\"twp-count-percent\">\r\n                                                    <span style=\"display: none;\" class=\"twp-react-count\">0<\/span>\r\n                        \r\n                                                <span class=\"twp-react-percent\"><span>0<\/span> %<\/span>\r\n                                            <\/div>\r\n                <\/div>\r\n\r\n                <div class=\"twp-reacts-wrap\">\r\n                    <a react-data=\"be-react-4\" post-id=\"23138\" class=\"be-face-icons un-reacted\" href=\"javascript:void(0)\">\r\n                        <img src=\"https:\/\/advisornutri.com\/wp-content\/plugins\/booster-extension\/\/assets\/icon\/angry.svg\" alt=\"Angry\">\r\n                    <\/a>\r\n                    <div class=\"twp-reaction-title\">Angry<\/div>\r\n                    <div class=\"twp-count-percent\">\r\n                                                    <span style=\"display: none;\" class=\"twp-react-count\">0<\/span>\r\n                                                                        <span class=\"twp-react-percent\"><span>0<\/span> %<\/span>\r\n                        \r\n                    <\/div>\r\n                <\/div>\r\n\r\n                <div class=\"twp-reacts-wrap\">\r\n                    <a react-data=\"be-react-5\" post-id=\"23138\" class=\"be-face-icons un-reacted\" href=\"javascript:void(0)\">\r\n                        <img src=\"https:\/\/advisornutri.com\/wp-content\/plugins\/booster-extension\/\/assets\/icon\/surprise.svg\" alt=\"Surprise\">\r\n                    <\/a>\r\n                    <div class=\"twp-reaction-title\">Surprise<\/div>\r\n                    <div class=\"twp-count-percent\">\r\n                                                    <span style=\"display: none;\" class=\"twp-react-count\">0<\/span>\r\n                                                                        <span class=\"twp-react-percent\"><span>0<\/span> %<\/span>\r\n                                            <\/div>\r\n                <\/div>\r\n\r\n            <\/div>\r\n        <\/div>\r\n\r\n    ","protected":false},"excerpt":{"rendered":"<p>Blogok Moto2\u2122 Q1: Liqui Moly Hatalmas D\u00edj N\u00e9metorsz\u00e1gb\u00f3l N\u00e9met Moto2-es teljes\u00edtm\u00e9ny \u2013 Moto2-es kvalifik\u00e1ci\u00f3 Az \u00faj Marc M\u00e1rquez-sztori: Szakaszok \u2013 hogy a pokolba juss, \u00e9s r\u00f6gt\u00f6n vissza is mehess A leg\u00fajabb ausztr\u00e1l ennek megfelel\u0151en 1,4 m\u00e1sodperccel Marini el\u0151tt van, de a negyedik hely\u00e9rt folytatott verseny \u00e9l \u00e9s virul, mik\u00f6zben a Marini k\u00f6zvetlen\u00fcl a nyomukban hajtott <a class=\"read-more\" href=\"https:\/\/advisornutri.com\/index.php\/2026\/03\/14\/nemet-motogp-sprint-battle-jorge-martin-kezitaska-sachsenring-futamgyozelem\/\">READ MORE<\/a><\/p>\n","protected":false},"author":1,"featured_media":0,"comment_status":"closed","ping_status":"open","sticky":false,"template":"","format":"standard","meta":{"_gspb_post_css":"","_links_to":"","_links_to_target":""},"categories":[1],"tags":[],"jetpack_featured_media_url":"","_links":{"self":[{"href":"https:\/\/advisornutri.com\/index.php\/wp-json\/wp\/v2\/posts\/23138"}],"collection":[{"href":"https:\/\/advisornutri.com\/index.php\/wp-json\/wp\/v2\/posts"}],"about":[{"href":"https:\/\/advisornutri.com\/index.php\/wp-json\/wp\/v2\/types\/post"}],"author":[{"embeddable":true,"href":"https:\/\/advisornutri.com\/index.php\/wp-json\/wp\/v2\/users\/1"}],"replies":[{"embeddable":true,"href":"https:\/\/advisornutri.com\/index.php\/wp-json\/wp\/v2\/comments?post=23138"}],"version-history":[{"count":1,"href":"https:\/\/advisornutri.com\/index.php\/wp-json\/wp\/v2\/posts\/23138\/revisions"}],"predecessor-version":[{"id":23139,"href":"https:\/\/advisornutri.com\/index.php\/wp-json\/wp\/v2\/posts\/23138\/revisions\/23139"}],"wp:attachment":[{"href":"https:\/\/advisornutri.com\/index.php\/wp-json\/wp\/v2\/media?parent=23138"}],"wp:term":[{"taxonomy":"category","embeddable":true,"href":"https:\/\/advisornutri.com\/index.php\/wp-json\/wp\/v2\/categories?post=23138"},{"taxonomy":"post_tag","embeddable":true,"href":"https:\/\/advisornutri.com\/index.php\/wp-json\/wp\/v2\/tags?post=23138"}],"curies":[{"name":"wp","href":"https:\/\/api.w.org\/{rel}","templated":true}]}}